{"id":959,"date":"2026-08-31T07:35:14","date_gmt":"2026-08-31T07:35:14","guid":{"rendered":"https:\/\/www.cafbracciano.com\/?p=959"},"modified":"2026-08-31T07:35:14","modified_gmt":"2026-08-31T07:35:14","slug":"isee-2023-dopo-la-pausa-estiva-universita","status":"publish","type":"post","link":"https:\/\/www.cafbracciano.com\/index.php\/2026\/08\/31\/isee-2023-dopo-la-pausa-estiva-universita\/","title":{"rendered":"ISEE 2026 DOPO LA PAUSA ESTIVA"},"content":{"rendered":"\n<h1 class=\"wp-block-heading has-text-align-center has-vivid-red-color has-text-color\"><strong>SETTEMBRE &#8211; OTTOBRE &#8211; NOVEMBRE &#8211; DICEMBRE <\/strong><\/h1>\n\n\n\n<h1 class=\"wp-block-heading has-text-align-center has-vivid-red-color has-text-color\"><strong>HAI PENSATO ALL&#8217;ISEE PER L<\/strong>&#8216; <strong>UNIVERSITA&#8217;<\/strong> ???<\/h1>\n\n\n\n<h3 class=\"wp-block-heading has-text-align-center has-vivid-red-color has-text-color\"><strong>PREPARIAMO IN TEMPO LA DOCUMENTAZIONE.<\/strong><\/h3>\n\n\n\n<p>E&#8217; tempo di iscrizione all&#8217;universit\u00e0? Allora \u00e8 tempo di fare l&#8217;ISEE!!!<br>Se devi accedere a bonus sociali&#8230; \u00e8 tempo di fare l&#8217;ISEE!!!<\/p>\n\n\n\n<p><strong>Per fare l\u2019ISEE 2026 occorre<\/strong>\u00a0(per tutti i componenti del nucleo familiare e relativamente all\u2019<strong>anno d\u2019imposta 2024<\/strong>) disporre dei seguenti documenti:<br><em>\u2013 stato di famiglia<\/em><br><em>\u2013 saldo e giacenza media (patrimonio mobiliare)<\/em><br><em>\u2013 redditi percepiti (dichiarazioni dei redditi e\/o certificazioni uniche)<\/em><br><em>\u2013 rendita patrimonio immobiliare<\/em><\/p>\n\n\n\n<p>Per un\u2019<em><strong>elenco dettagliato dei documenti<\/strong><\/em>&nbsp;<a href=\"https:\/\/www.cafbracciano.com\/index.php\/modulistica\/\">clicca qui<\/a>.<\/p>\n\n\n\n<p>Per le&nbsp;<em><strong>autocertificazioni utili<\/strong><\/em>&nbsp;per predisporre la DSU (dichiarazione sostitutiva unica) che serve ad ottenere l\u2019ISEE,&nbsp;<a href=\"https:\/\/www.cafbracciano.com\/index.php\/modulistica\/\">clicca qui<\/a>.<\/p>\n\n\n\n<p><\/p>\n","protected":false},"excerpt":{"rendered":"<p>SETTEMBRE &#8211; OTTOBRE &#8211; NOVEMBRE &#8211; DICEMBRE HAI PENSATO ALL&#8217;ISEE PER L&#8216; UNIVERSITA&#8217; ??? PREPARIAMO IN TEMPO LA DOCUMENTAZIONE. E&#8217; tempo di iscrizione all&#8217;universit\u00e0? Allora \u00e8 tempo di fare l&#8217;ISEE!!!Se devi accedere a bonus sociali&#8230; \u00e8 tempo di fare l&#8217;ISEE!!! Per fare l\u2019ISEE 2026 occorre\u00a0(per tutti i componenti del nucleo familiare e relativamente all\u2019anno d\u2019imposta &hellip; <a href=\"https:\/\/www.cafbracciano.com\/index.php\/2026\/08\/31\/isee-2023-dopo-la-pausa-estiva-universita\/\" class=\"more-link\">Continua la lettura di <span class=\"screen-reader-text\">ISEE 2026 DOPO LA PAUSA ESTIVA<\/span> <span class=\"meta-nav\">&rarr;<\/span><\/a><\/p>\n","protected":false},"author":1,"featured_media":0,"comment_status":"closed","ping_status":"open","sticky":false,"template":"","format":"standard","meta":{"footnotes":""},"categories":[18],"tags":[],"class_list":["post-959","post","type-post","status-publish","format-standard","hentry","category-isee"],"_links":{"self":[{"href":"https:\/\/www.cafbracciano.com\/index.php\/wp-json\/wp\/v2\/posts\/959","targetHints":{"allow":["GET"]}}],"collection":[{"href":"https:\/\/www.cafbracciano.com\/index.php\/wp-json\/wp\/v2\/posts"}],"about":[{"href":"https:\/\/www.cafbracciano.com\/index.php\/wp-json\/wp\/v2\/types\/post"}],"author":[{"embeddable":true,"href":"https:\/\/www.cafbracciano.com\/index.php\/wp-json\/wp\/v2\/users\/1"}],"replies":[{"embeddable":true,"href":"https:\/\/www.cafbracciano.com\/index.php\/wp-json\/wp\/v2\/comments?post=959"}],"version-history":[{"count":11,"href":"https:\/\/www.cafbracciano.com\/index.php\/wp-json\/wp\/v2\/posts\/959\/revisions"}],"predecessor-version":[{"id":1264,"href":"https:\/\/www.cafbracciano.com\/index.php\/wp-json\/wp\/v2\/posts\/959\/revisions\/1264"}],"wp:attachment":[{"href":"https:\/\/www.cafbracciano.com\/index.php\/wp-json\/wp\/v2\/media?parent=959"}],"wp:term":[{"taxonomy":"category","embeddable":true,"href":"https:\/\/www.cafbracciano.com\/index.php\/wp-json\/wp\/v2\/categories?post=959"},{"taxonomy":"post_tag","embeddable":true,"href":"https:\/\/www.cafbracciano.com\/index.php\/wp-json\/wp\/v2\/tags?post=959"}],"curies":[{"name":"wp","href":"https:\/\/api.w.org\/{rel}","templated":true}]}}